{"id":6481,"date":"2022-12-16T13:07:07","date_gmt":"2022-12-16T13:07:07","guid":{"rendered":"https:\/\/mpegh.com\/a-globo-habilita-audio-mpeg-h-em-canais-comerciais-abertos-em-tres-estados-brasileiros\/"},"modified":"2024-12-09T15:09:11","modified_gmt":"2024-12-09T15:09:11","slug":"a-globo-habilita-audio-mpeg-h-em-canais-comerciais-abertos-em-tres-estados-brasileiros","status":"publish","type":"post","link":"https:\/\/mpegh.com\/pt-br\/a-globo-habilita-audio-mpeg-h-em-canais-comerciais-abertos-em-tres-estados-brasileiros\/","title":{"rendered":"A Globo habilita \u00e1udio MPEG-H em canais comerciais abertos em tr\u00eas estados brasileiros"},"content":{"rendered":"<p><strong>O maior grupo de m\u00eddia da Am\u00e9rica Latina, o Grupo Globo, impulsiona a mudan\u00e7a na produ\u00e7\u00e3o, transmiss\u00e3o e consumo de m\u00eddia para um sistema preparado para o futuro. Em um grande passo na evolu\u00e7\u00e3o da TV Digital no Brasil, a Rede Globo torna o padr\u00e3o SBTVD TV 2.5 uma realidade. <\/strong><\/p>\n<p>&nbsp;<\/p>\n<p><img fetchpriority=\"high\" decoding=\"async\" class=\"aligncenter wp-image-6292 size-large\" src=\"https:\/\/mpegh.com\/wp-content\/uploads\/2023\/07\/globo-commercial-1024x576.png\" alt=\"Globo Commercial\" width=\"1024\" height=\"576\" srcset=\"https:\/\/mpegh.com\/wp-content\/uploads\/2023\/07\/globo-commercial-1024x576.png 1024w, https:\/\/mpegh.com\/wp-content\/uploads\/2023\/07\/globo-commercial-300x169.png 300w, https:\/\/mpegh.com\/wp-content\/uploads\/2023\/07\/globo-commercial-768x432.png 768w, https:\/\/mpegh.com\/wp-content\/uploads\/2023\/07\/globo-commercial-1536x864.png 1536w, https:\/\/mpegh.com\/wp-content\/uploads\/2023\/07\/globo-commercial.png 1920w\" sizes=\"(max-width: 1024px) 100vw, 1024px\" \/><\/p>\n<p>&nbsp;<\/p>\n<p>A Globo transmitiu todos os jogos da Copa do mundo do Catar com som imersivo MPEG-H no padr\u00e3o brasileiro TV 2.5 em seus canais comerciais abertos das emissoras do Rio de Janeiro, S\u00e3o Paulo e Recife. A emissora disponibilizou uma experi\u00eancia sonora fant\u00e1stica, 24 horas por dia para todos os telespectadores da Globo sintonizados nos respectivos canais.<\/p>\n<p>\u201cPara lan\u00e7ar novas tecnologias no mercado, precisamos resolver a quest\u00e3o do \u2018ovo ou galinha\u2019, por isso, decidimos come\u00e7ar a transmitir usando essas tecnologias. Depois de testar o \u00e1udio MPEG-H em laborat\u00f3rio por muito tempo, escolhemos algumas cidades nas quais lan\u00e7amos o MPEG-H em nossa transmiss\u00e3o aberta\u201d, explica Paulo Henrique Castro, Diretor do MediaTech Lab, Grupo Globo. \u201c\u00c9 isso que queremos n\u00e3o apenas demonstrar, mas, principalmente, promover na Globo. A ideia \u00e9 ter conte\u00fados cada vez mais imersivos em nossas plataformas: VoD, streaming, Globoplay, al\u00e9m das transmiss\u00f5es ao vivo.\u201d<\/p>\n<p>Essa nova experi\u00eancia de \u00e1udio foi poss\u00edvel gra\u00e7as a um grupo de parceiros comprometidos com os avan\u00e7os tecnol\u00f3gicos, que h\u00e1 anos apoiam a implementa\u00e7\u00e3o de tecnologia de ponta no Brasil. Al\u00e9m do Fraunhofer IIS com o \u00e1udio MPEG-H, a Ateme forneceu solu\u00e7\u00f5es de codifica\u00e7\u00e3o de baixa lat\u00eancia, enquanto os aparelhos de TV no Brasil alimentados pelos chips da MediaTek ofereceram todo suporte necess\u00e1rio \u00e0 implementa\u00e7\u00e3o do MPEG-H: \u201cOferecer a mais alta qualidade de v\u00eddeo e \u00e1udio para o p\u00fablico brasileiro \u00e9 uma prioridade na MediaTek\u201d, explica Alfred Chan, vice-presidente de TV BU, Smart Home Business Group da MediaTek. \u201cAo habilitar o \u00e1udio MPEG-H para transmiss\u00e3o ISDB-T e streaming em nossa principal s\u00e9rie Pentonic, levamos a experi\u00eancia televisiva para o pr\u00f3ximo n\u00edvel.\u201d<\/p>\n<p>Depois de uma s\u00e9rie de testes bem-sucedidos realizados em grandes eventos no passado, a Globo agora deu mais um passo e habilitou o \u00e1udio MPEG-H em sua transmiss\u00e3o regular. Este \u00e9 um marco no caminho para um servi\u00e7o de cobertura total com som imersivo que pode ser adaptado \u00e0s prefer\u00eancias pessoais dos ouvintes.<\/p>\n<p>\u201cTrabalhar junto com a Globo para dar vida \u00e0s mais recentes inova\u00e7\u00f5es \u00e9 sempre um desafio empolgante e divertido\u201d, diz Adrian Murtaza, gerente s\u00eanior de tecnologia e padr\u00f5es da Fraunhofer IIS. \u201cEstamos orgulhosos de fazer parte desse grande passo que possibilita ao telespectador no Brasil desfrutar de uma experi\u00eancia \u00fanica com som imersivo e personalizado por meio de receptores capazes de decodificar o MPEG-H.\u201d<\/p>\n<p>&nbsp;<\/p>\n<p>Header image: \u00a9 Adobe Stock: SNEHIT PHOTO<\/p>\n","protected":false},"excerpt":{"rendered":"<p>O maior grupo de m\u00eddia da Am\u00e9rica Latina, o Grupo Globo, impulsiona a mudan\u00e7a na produ\u00e7\u00e3o, transmiss\u00e3o e consumo de m\u00eddia para um sistema preparado para o futuro. Em um grande passo na evolu\u00e7\u00e3o da TV Digital no Brasil, a Rede Globo torna o padr\u00e3o SBTVD TV 2.5 uma realidade. &nbsp; &nbsp; A Globo transmitiu [&hellip;]<\/p>\n","protected":false},"author":1,"featured_media":6295,"comment_status":"open","ping_status":"open","sticky":false,"template":"","format":"standard","meta":{"footnotes":""},"categories":[127],"tags":[132,130,129],"class_list":["post-6481","post","type-post","status-publish","format-standard","has-post-thumbnail","hentry","category-produtos-parceiros","tag-brasil","tag-estudo-de-caso","tag-transmissao-streaming"],"rttpg_featured_image_url":{"full":["https:\/\/mpegh.com\/wp-content\/uploads\/2023\/07\/globo-commercial.png",1920,1080,false],"landscape":["https:\/\/mpegh.com\/wp-content\/uploads\/2023\/07\/globo-commercial.png",1920,1080,false],"portraits":["https:\/\/mpegh.com\/wp-content\/uploads\/2023\/07\/globo-commercial.png",1920,1080,false],"thumbnail":["https:\/\/mpegh.com\/wp-content\/uploads\/2023\/07\/globo-commercial-150x150.png",150,150,true],"medium":["https:\/\/mpegh.com\/wp-content\/uploads\/2023\/07\/globo-commercial-300x169.png",300,169,true],"large":["https:\/\/mpegh.com\/wp-content\/uploads\/2023\/07\/globo-commercial-1024x576.png",800,450,true],"1536x1536":["https:\/\/mpegh.com\/wp-content\/uploads\/2023\/07\/globo-commercial-1536x864.png",1536,864,true],"2048x2048":["https:\/\/mpegh.com\/wp-content\/uploads\/2023\/07\/globo-commercial.png",1920,1080,false]},"rttpg_author":{"display_name":"fabian.zuercher@iis.fraunhofer.de","author_link":"https:\/\/mpegh.com\/pt-br\/author\/fabian-zuercheriis-fraunhofer-de\/"},"rttpg_comment":0,"rttpg_category":"<a href=\"https:\/\/mpegh.com\/pt-br\/produtos-parceiros\/\" rel=\"category tag\">Produtos &amp; parceiros<\/a>","rttpg_excerpt":"O maior grupo de m\u00eddia da Am\u00e9rica Latina, o Grupo Globo, impulsiona a mudan\u00e7a na produ\u00e7\u00e3o, transmiss\u00e3o e consumo de m\u00eddia para um sistema preparado para o futuro. Em um grande passo na evolu\u00e7\u00e3o da TV Digital no Brasil, a Rede Globo torna o padr\u00e3o SBTVD TV 2.5 uma realidade. &nbsp; &nbsp; A Globo transmitiu&hellip;","_links":{"self":[{"href":"https:\/\/mpegh.com\/pt-br\/wp-json\/wp\/v2\/posts\/6481","targetHints":{"allow":["GET"]}}],"collection":[{"href":"https:\/\/mpegh.com\/pt-br\/wp-json\/wp\/v2\/posts"}],"about":[{"href":"https:\/\/mpegh.com\/pt-br\/wp-json\/wp\/v2\/types\/post"}],"author":[{"embeddable":true,"href":"https:\/\/mpegh.com\/pt-br\/wp-json\/wp\/v2\/users\/1"}],"replies":[{"embeddable":true,"href":"https:\/\/mpegh.com\/pt-br\/wp-json\/wp\/v2\/comments?post=6481"}],"version-history":[{"count":2,"href":"https:\/\/mpegh.com\/pt-br\/wp-json\/wp\/v2\/posts\/6481\/revisions"}],"predecessor-version":[{"id":6494,"href":"https:\/\/mpegh.com\/pt-br\/wp-json\/wp\/v2\/posts\/6481\/revisions\/6494"}],"wp:featuredmedia":[{"embeddable":true,"href":"https:\/\/mpegh.com\/pt-br\/wp-json\/wp\/v2\/media\/6295"}],"wp:attachment":[{"href":"https:\/\/mpegh.com\/pt-br\/wp-json\/wp\/v2\/media?parent=6481"}],"wp:term":[{"taxonomy":"category","embeddable":true,"href":"https:\/\/mpegh.com\/pt-br\/wp-json\/wp\/v2\/categories?post=6481"},{"taxonomy":"post_tag","embeddable":true,"href":"https:\/\/mpegh.com\/pt-br\/wp-json\/wp\/v2\/tags?post=6481"}],"curies":[{"name":"wp","href":"https:\/\/api.w.org\/{rel}","templated":true}]}}